{"provider_url": "https://www.piraporadobomjesus.sp.leg.br", "title": "\ud83d\udc64Cidinho", "html": "<h2 data-path-to-node=\"2\">\u00a0Perfil do Parlamentar</h2>\r\n<ul data-path-to-node=\"3\">\r\n<li>\r\n<p data-path-to-node=\"3,0,0\"><b data-path-to-node=\"3,0,0\" data-index-in-node=\"0\">Nome:</b> Jos\u00e9 Aparecido de Souza (<b data-path-to-node=\"3,0,0\" data-index-in-node=\"31\">Cidinho</b>)</p>\r\n</li>\r\n<li>\r\n<p data-path-to-node=\"3,1,0\"><b data-path-to-node=\"3,1,0\" data-index-in-node=\"0\">Partido:</b> PT (Partido dos Trabalhadores)</p>\r\n</li>\r\n<li>\r\n<p data-path-to-node=\"3,2,0\"><b data-path-to-node=\"3,2,0\" data-index-in-node=\"0\">Anivers\u00e1rio:</b> 27/11/1971</p>\r\n</li>\r\n<li>\r\n<p data-path-to-node=\"3,3,0\"><b data-path-to-node=\"3,3,0\" data-index-in-node=\"0\">Naturalidade:</b> Toledo, Paran\u00e1 (Mudou-se para Pirapora em 1979)</p>\r\n</li>\r\n</ul>\r\n<hr data-path-to-node=\"4\" />\r\n<h2 data-path-to-node=\"5\">\ud83d\udcde Contato e Localiza\u00e7\u00e3o</h2>\r\n<ul data-path-to-node=\"6\">\r\n<li>\r\n<p data-path-to-node=\"6,0,0\"><b data-path-to-node=\"6,0,0\" data-index-in-node=\"0\">Telefone:</b> \u260e\ufe0f 4131-1280</p>\r\n</li>\r\n<li>\r\n<p data-path-to-node=\"6,1,0\"><b data-path-to-node=\"6,1,0\" data-index-in-node=\"0\">E-mail:</b> \ud83d\udce7 cidinho@piraporadobomjesus.sp.leg.br</p>\r\n</li>\r\n<li>\r\n<p data-path-to-node=\"6,2,0\"><b data-path-to-node=\"6,2,0\" data-index-in-node=\"0\">Endere\u00e7o:</b> \ud83d\udccd Pirapora do bom jesus\u00a0, 35, Centro</p>\r\n</li>\r\n</ul>\r\n<hr data-path-to-node=\"7\" />\r\n<h2 data-path-to-node=\"8\">\ud83d\udc68\u200d\ud83d\udc69\u200d\ud83d\udc67\u200d\ud83d\udc66 Vida Pessoal</h2>\r\n<ul data-path-to-node=\"9\">\r\n<li>\r\n<p data-path-to-node=\"9,0,0\"><b data-path-to-node=\"9,0,0\" data-index-in-node=\"0\">Fam\u00edlia:</b> Pai de 4 filhos.</p>\r\n</li>\r\n<li>\r\n<p data-path-to-node=\"9,1,0\"><b data-path-to-node=\"9,1,0\" data-index-in-node=\"0\">Netos:</b> Av\u00f4 de 3 netos: Enzo (10 anos), Antony (7 anos) e Joaquim (3 anos).</p>\r\n</li>\r\n<li>\r\n<p data-path-to-node=\"9,2,0\"><b data-path-to-node=\"9,2,0\" data-index-in-node=\"0\">Hist\u00f3rico Profissional:</b> Trabalhou por 15 anos no <b data-path-to-node=\"9,2,0\" data-index-in-node=\"49\">SAMU de Osasco</b> antes de sua trajet\u00f3ria legislativa.</p>\r\n</li>\r\n</ul>\r\n<hr data-path-to-node=\"10\" />\r\n<h2 data-path-to-node=\"11\">\ud83d\uddf3\ufe0f Trajet\u00f3ria Pol\u00edtica</h2>\r\n<ul data-path-to-node=\"12\">\r\n<li>\r\n<p data-path-to-node=\"12,0,0\"><b data-path-to-node=\"12,0,0\" data-index-in-node=\"0\">O In\u00edcio:</b> Come\u00e7ou a se candidatar em 1992.</p>\r\n</li>\r\n<li>\r\n<p data-path-to-node=\"12,1,0\"><b data-path-to-node=\"12,1,0\" data-index-in-node=\"0\">Persist\u00eancia:</b> Participou de 6 elei\u00e7\u00f5es antes de vencer. Em uma delas, chegou a perder por apenas <b data-path-to-node=\"12,1,0\" data-index-in-node=\"97\">1 voto</b>.</p>\r\n</li>\r\n<li>\r\n<p data-path-to-node=\"12,2,0\"><b data-path-to-node=\"12,2,0\" data-index-in-node=\"0\">Vit\u00f3ria:</b> Eleito pela primeira vez em 2016 (na 7\u00aa tentativa) e reeleito em 2020 para o segundo mandato.</p>\r\n</li>\r\n</ul>\r\n<hr data-path-to-node=\"13\" />\r\n<h2 data-path-to-node=\"14\">\ud83c\udfe5 Conquistas e Investimentos</h2>\r\n<p data-path-to-node=\"15\">Cidinho articulou parcerias importantes com o Deputado Federal <b data-path-to-node=\"15\" data-index-in-node=\"63\">Carlos Zarattine</b> e o Deputado Estadual <b data-path-to-node=\"15\" data-index-in-node=\"102\">Em\u00eddio de Souza</b>, resultando em:</p>\r\n<ul data-path-to-node=\"16\">\r\n<li>\r\n<p data-path-to-node=\"16,0,0\"><b data-path-to-node=\"16,0,0\" data-index-in-node=\"0\">Total em Emendas:</b> Mais de <b data-path-to-node=\"16,0,0\" data-index-in-node=\"26\">R$ 6 milh\u00f5es</b> destinados \u00e0 Pirapora.</p>\r\n</li>\r\n<li>\r\n<p data-path-to-node=\"16,1,0\"><b data-path-to-node=\"16,1,0\" data-index-in-node=\"0\">Sa\u00fade:</b> Mais de R$ 4 milh\u00f5es investidos em ve\u00edculos, equipamentos e reformas no pronto-socorro.</p>\r\n</li>\r\n<li>\r\n<p data-path-to-node=\"16,2,0\"><b data-path-to-node=\"16,2,0\" data-index-in-node=\"0\">Outras \u00c1reas:</b> Recursos fundamentais para <b data-path-to-node=\"16,2,0\" data-index-in-node=\"41\">Esporte</b> e <b data-path-to-node=\"16,2,0\" data-index-in-node=\"51\">Infraestrutura</b>.</p>\r\n</li>\r\n<li>\r\n<p data-path-to-node=\"16,3,0\"><b data-path-to-node=\"16,3,0\" data-index-in-node=\"0\">Compromisso:</b> Foco inabal\u00e1vel no desenvolvimento e bem-estar da comunidade.</p>\r\n</li>\r\n</ul>", "author_name": "", "version": "1.0", "author_url": "https://www.piraporadobomjesus.sp.leg.br/author/adm", "provider_name": "C\u00e2mara Municipal", "type": "rich"}