{"provider_url": "https://www.piraporadobomjesus.sp.leg.br", "title": "\ud83d\udc64Dito da Gema", "html": "<h2 data-path-to-node=\"2\">\u00a0 \u00a0 \u00a0Perfil do Parlamentar</h2>\r\n<ul data-path-to-node=\"3\">\r\n<li>\r\n<p data-path-to-node=\"3,0,0\"><b data-path-to-node=\"3,0,0\" data-index-in-node=\"0\">Nome:</b> Benedito S\u00e9rgio Rodrigues de Castro (<b data-path-to-node=\"3,0,0\" data-index-in-node=\"43\">Dito da Gema</b>)</p>\r\n</li>\r\n<li>\r\n<p data-path-to-node=\"3,1,0\"><b data-path-to-node=\"3,1,0\" data-index-in-node=\"0\">Partido:</b> PL (Partido Liberal)</p>\r\n</li>\r\n<li>\r\n<p data-path-to-node=\"3,2,0\"><b data-path-to-node=\"3,2,0\" data-index-in-node=\"0\">Anivers\u00e1rio:</b> 09/11/1940</p>\r\n</li>\r\n<li>\r\n<p data-path-to-node=\"3,3,0\"><b data-path-to-node=\"3,3,0\" data-index-in-node=\"0\">Situa\u00e7\u00e3o:</b> Ativo</p>\r\n</li>\r\n<li>\r\n<p data-path-to-node=\"3,4,0\"><b data-path-to-node=\"3,4,0\" data-index-in-node=\"0\">Perfil:</b> Piraporano nato, filho de comerciantes tradicionais da cidade.</p>\r\n</li>\r\n</ul>\r\n<hr data-path-to-node=\"4\" />\r\n<h2 data-path-to-node=\"5\">\ud83d\udcde Contato e Localiza\u00e7\u00e3o</h2>\r\n<ul data-path-to-node=\"6\">\r\n<li>\r\n<p data-path-to-node=\"6,0,0\"><b data-path-to-node=\"6,0,0\" data-index-in-node=\"0\">Telefone:</b> \u260e\ufe0f (11) 4131-1280</p>\r\n</li>\r\n<li>\r\n<p data-path-to-node=\"6,1,0\"><b data-path-to-node=\"6,1,0\" data-index-in-node=\"0\">E-mail:</b> \ud83d\udce7 beneditosergio@piraporadobomjesus.sp.leg.br</p>\r\n</li>\r\n<li>\r\n<p data-path-to-node=\"6,2,0\"><b data-path-to-node=\"6,2,0\" data-index-in-node=\"0\">Site:</b> \ud83c\udf10 www.piraporadobomjesus.sp.leg.br</p>\r\n</li>\r\n<li>\r\n<p data-path-to-node=\"6,3,0\"><b data-path-to-node=\"6,3,0\" data-index-in-node=\"0\">Endere\u00e7o:</b> \ud83d\udccd Pirapora do bom jesus\u00a0, Centro</p>\r\n</li>\r\n<li>\r\n<p data-path-to-node=\"6,4,0\"><b data-path-to-node=\"6,4,0\" data-index-in-node=\"0\">CEP:</b> 06550-000</p>\r\n</li>\r\n</ul>\r\n<hr data-path-to-node=\"7\" />\r\n<h2 data-path-to-node=\"8\">\ud83c\udf93 Forma\u00e7\u00e3o e Vida Pessoal</h2>\r\n<ul data-path-to-node=\"9\">\r\n<li>\r\n<p data-path-to-node=\"9,0,0\"><b data-path-to-node=\"9,0,0\" data-index-in-node=\"0\">Forma\u00e7\u00e3o:</b> Graduado em <b data-path-to-node=\"9,0,0\" data-index-in-node=\"22\">Educa\u00e7\u00e3o F\u00edsica</b>.</p>\r\n</li>\r\n<li>\r\n<p data-path-to-node=\"9,1,0\"><b data-path-to-node=\"9,1,0\" data-index-in-node=\"0\">Fam\u00edlia:</b> Pai de 4 filhos.</p>\r\n</li>\r\n</ul>\r\n<hr data-path-to-node=\"10\" />\r\n<h2 data-path-to-node=\"11\">\ud83c\udfdb\ufe0f Trajet\u00f3ria P\u00fablica e Pol\u00edtica</h2>\r\n<p data-path-to-node=\"12\">Antes de assumir uma cadeira no legislativo, acumulou experi\u00eancia em diferentes fun\u00e7\u00f5es:</p>\r\n<ul data-path-to-node=\"13\">\r\n<li>\r\n<p data-path-to-node=\"13,0,0\"><b data-path-to-node=\"13,0,0\" data-index-in-node=\"0\">Assessor Parlamentar:</b> Atuou junto ao ent\u00e3o vereador S\u00e9rgio Ricardo (2013-2016).</p>\r\n</li>\r\n<li>\r\n<p data-path-to-node=\"13,1,0\"><b data-path-to-node=\"13,1,0\" data-index-in-node=\"0\">Diretor de Obras:</b> Exerceu o cargo na gest\u00e3o do Secret\u00e1rio Ant\u00f4nio Carlos Trofino (2018-2020).</p>\r\n</li>\r\n</ul>\r\n<hr data-path-to-node=\"14\" />\r\n<h2 data-path-to-node=\"15\">\ud83d\uddf3\ufe0f Atua\u00e7\u00e3o Legislativa</h2>\r\n<ul data-path-to-node=\"16\">\r\n<li>\r\n<p data-path-to-node=\"16,0,0\"><b data-path-to-node=\"16,0,0\" data-index-in-node=\"0\">Elei\u00e7\u00e3o:</b> Candidatou-se em 2020 e foi eleito como o <b data-path-to-node=\"16,0,0\" data-index-in-node=\"51\">4\u00ba vereador mais votado</b>.</p>\r\n</li>\r\n<li>\r\n<p data-path-to-node=\"16,1,0\"><b data-path-to-node=\"16,1,0\" data-index-in-node=\"0\">Mandato:</b> Atuante desde 2021.</p>\r\n</li>\r\n<li>\r\n<p data-path-to-node=\"16,2,0\"><b data-path-to-node=\"16,2,0\" data-index-in-node=\"0\">Foco de Trabalho:</b> Dedica\u00e7\u00e3o \u00e0 melhoria da qualidade de vida da popula\u00e7\u00e3o, com aten\u00e7\u00e3o especial aos <b data-path-to-node=\"16,2,0\" data-index-in-node=\"99\">bairros mais afastados</b> de Pirapora do Bom Jesus.</p>\r\n</li>\r\n</ul>", "author_name": "", "version": "1.0", "author_url": "https://www.piraporadobomjesus.sp.leg.br/author/adm", "provider_name": "C\u00e2mara Municipal", "type": "rich"}