{"provider_url": "https://www.piraporadobomjesus.sp.leg.br", "title": "\ud83d\udc64Mauro Lucio", "html": "<h2 data-path-to-node=\"2\">\u00a0Perfil do Parlamentar</h2>\r\n<ul data-path-to-node=\"3\">\r\n<li>\r\n<p data-path-to-node=\"3,0,0\"><b data-path-to-node=\"3,0,0\" data-index-in-node=\"0\">Nome:</b> Mauro Lucio Vilas Boas (<b data-path-to-node=\"3,0,0\" data-index-in-node=\"30\">Maur\u00e3o</b>)</p>\r\n</li>\r\n<li>\r\n<p data-path-to-node=\"3,1,0\"><b data-path-to-node=\"3,1,0\" data-index-in-node=\"0\">Partido:</b> PSB (Partido Socialista Brasileiro)</p>\r\n</li>\r\n<li>\r\n<p data-path-to-node=\"3,2,0\"><b data-path-to-node=\"3,2,0\" data-index-in-node=\"0\">Anivers\u00e1rio:</b> 01/07/1976</p>\r\n</li>\r\n<li>\r\n<p data-path-to-node=\"3,3,0\"><b data-path-to-node=\"3,3,0\" data-index-in-node=\"0\">Situa\u00e7\u00e3o:</b> Ativo</p>\r\n</li>\r\n<li>\r\n<p data-path-to-node=\"3,4,0\"><b data-path-to-node=\"3,4,0\" data-index-in-node=\"0\">Origem:</b> Nascido em S\u00e3o Paulo (Residente em Pirapora desde 1995)</p>\r\n</li>\r\n</ul>\r\n<hr data-path-to-node=\"4\" />\r\n<h2 data-path-to-node=\"5\">\ud83d\udcde Contato e Localiza\u00e7\u00e3o</h2>\r\n<ul data-path-to-node=\"6\">\r\n<li>\r\n<p data-path-to-node=\"6,0,0\"><b data-path-to-node=\"6,0,0\" data-index-in-node=\"0\">Telefone:</b> \u260e\ufe0f 4131-1280</p>\r\n</li>\r\n<li>\r\n<p data-path-to-node=\"6,1,0\"><b data-path-to-node=\"6,1,0\" data-index-in-node=\"0\">E-mail:</b> \ud83d\udce7 maurolucio@piraporadobomjesus.sp.leg.br</p>\r\n</li>\r\n<li>\r\n<p data-path-to-node=\"6,2,0\"><b data-path-to-node=\"6,2,0\" data-index-in-node=\"0\">Endere\u00e7o:</b> \ud83d\udccd Pirapora do bom jesus\u00a0, 35, Centro</p>\r\n</li>\r\n</ul>\r\n<hr data-path-to-node=\"7\" />\r\n<h2 data-path-to-node=\"8\">\ud83c\udf93 Forma\u00e7\u00e3o e Vida Pessoal</h2>\r\n<ul data-path-to-node=\"9\">\r\n<li>\r\n<p data-path-to-node=\"9,0,0\"><b data-path-to-node=\"9,0,0\" data-index-in-node=\"0\">Forma\u00e7\u00e3o:</b> Graduado em <b data-path-to-node=\"9,0,0\" data-index-in-node=\"22\">Educa\u00e7\u00e3o F\u00edsica</b>.</p>\r\n</li>\r\n<li>\r\n<p data-path-to-node=\"9,1,0\"><b data-path-to-node=\"9,1,0\" data-index-in-node=\"0\">Fam\u00edlia:</b> Casado com Viviane, pai de 2 filhos e av\u00f4 de 2 netas.</p>\r\n</li>\r\n<li>\r\n<p data-path-to-node=\"9,2,0\"><b data-path-to-node=\"9,2,0\" data-index-in-node=\"0\">Hist\u00f3rico:</b> Iniciou a carreira como vigilante, foi guarda escolar e guarda municipal (chegando ao posto de comandante).</p>\r\n</li>\r\n</ul>\r\n<hr data-path-to-node=\"10\" />\r\n<h2 data-path-to-node=\"11\">\ud83d\uddf3\ufe0f Trajet\u00f3ria Pol\u00edtica</h2>\r\n<ul data-path-to-node=\"12\">\r\n<li>\r\n<p data-path-to-node=\"12,0,0\"><b data-path-to-node=\"12,0,0\" data-index-in-node=\"0\">In\u00edcio:</b> Ingressou na pol\u00edtica no ano 2000.</p>\r\n</li>\r\n<li>\r\n<p data-path-to-node=\"12,1,0\"><b data-path-to-node=\"12,1,0\" data-index-in-node=\"0\">Primeiro Mandato:</b> Eleito em 2016 pelo PTB com 216 votos.</p>\r\n</li>\r\n<li>\r\n<p data-path-to-node=\"12,2,0\"><b data-path-to-node=\"12,2,0\" data-index-in-node=\"0\">Segundo Mandato:</b> Reeleito em 2020 pelo PSB com 229 votos.</p>\r\n</li>\r\n</ul>\r\n<hr data-path-to-node=\"13\" />\r\n<h2 data-path-to-node=\"14\">\ud83d\udee1\ufe0f Foco de Atua\u00e7\u00e3o</h2>\r\n<p data-path-to-node=\"15\">O trabalho do vereador \u00e9 pautado na melhoria da qualidade de vida dos cidad\u00e3os, com dedica\u00e7\u00e3o especial \u00e0s seguintes \u00e1reas:</p>\r\n<ul data-path-to-node=\"16\">\r\n<li>\r\n<p data-path-to-node=\"16,0,0\"><b data-path-to-node=\"16,0,0\" data-index-in-node=\"0\">Seguran\u00e7a:</b> (Reflexo de sua experi\u00eancia na Guarda Municipal).</p>\r\n</li>\r\n<li>\r\n<p data-path-to-node=\"16,1,0\"><b data-path-to-node=\"16,1,0\" data-index-in-node=\"0\">Sa\u00fade e Educa\u00e7\u00e3o:</b> Garantia de acesso e qualidade para a popula\u00e7\u00e3o.</p>\r\n</li>\r\n<li>\r\n<p data-path-to-node=\"16,2,0\"><b data-path-to-node=\"16,2,0\" data-index-in-node=\"0\">Juventude:</b> Paix\u00e3o pelo trabalho voltado para jovens e crian\u00e7as.</p>\r\n</li>\r\n</ul>", "author_name": "", "version": "1.0", "author_url": "https://www.piraporadobomjesus.sp.leg.br/author/adm", "provider_name": "C\u00e2mara Municipal", "type": "rich"}